{"id":1971,"date":"2016-11-01T07:44:16","date_gmt":"2016-11-01T07:44:16","guid":{"rendered":"http:\/\/www.albertiapsicologiaysalud.com\/?p=1971"},"modified":"2024-08-26T18:51:25","modified_gmt":"2024-08-26T18:51:25","slug":"noviembre-mes-de-duelo","status":"publish","type":"post","link":"https:\/\/www.albertiapsicologiaysalud.com\/?p=1971","title":{"rendered":"Duelo."},"content":{"rendered":"\n<figure class=\"wp-block-video\"><video autoplay controls loop preload=\"auto\" src=\"https:\/\/www.albertiapsicologiaysalud.com\/wp-content\/uploads\/video-duelo-2.mp4\"><\/video><\/figure>\n\n\n\n<p>El <strong>duelo<\/strong> es definido como una reacci\u00f3n normal y esperable ante una p\u00e9rdida afectiva.<\/p>\n\n\n\n<p> Yo hab\u00eda puesto<br> encima de mi pecho,<br> un peque\u00f1o letrero que dec\u00eda:<br> \u201cCerrado por demolici\u00f3n\u201d.<br><br> Y aqu\u00ed me tiene usted pintando las paredes,<br> abriendo las ventanas&#8230;<\/p>\n\n\n\n<p class=\"has-text-color has-small-font-size\" style=\"color:#133e77\"> Parte del poema de Carlos Pellicer<\/p>\n\n\n\n<p class=\"has-very-light-gray-background-color has-background\">Se trata de un <em>proceso adaptativo<\/em> y emocional que no se produce \u00fanicamente ante la p\u00e9rdida de personas cercanas, sino que puede tambi\u00e9n producirse ante situaciones como la ruptura de una relaci\u00f3n, un cambio de salud, la jubilaci\u00f3n, la p\u00e9rdida de un trabajo o un cambio de residencia&#8230;<\/p>\n\n\n\n<p>De esta forma, el concepto actual se ha desligado de la <em>concepci\u00f3n tradicional<\/em> de duelo, que contemplaba \u00fanicamente el fallecimiento de personas afines como causa de este proceso.<\/p>\n\n\n\n<p class=\"has-very-light-gray-background-color has-background\">A pesar de la relevancia del componente <em>emocional<\/em> en el proceso de duelo, es necesario destacar los componentes <em>fisiol\u00f3gicos<\/em> (manifestaciones f\u00edsicas) y <em>sociales<\/em>.<\/p>\n\n\n\n<p>La intensidad y duraci\u00f3n de dicho proceso var\u00eda de una persona a otra, siendo ambos proporcionales a la relevancia personal de la p\u00e9rdida. <\/p>\n\n\n\n<p class=\"has-very-light-gray-background-color has-background\">Asimismo, es necesario destacar que, a pesar de ser un proceso natural que ayuda a la adaptaci\u00f3n de persona ante la p\u00e9rdida, se estima que entre el 10 y el 20% de las personas acaban necesitando ayuda profesional.<\/p>\n\n\n\n<figure class=\"wp-block-image\"><img loading=\"lazy\" width=\"820\" height=\"312\" src=\"https:\/\/www.albertiapsicologiaysalud.com\/wp-content\/uploads\/RECORDARTE-QUE...-2.png\" alt=\"\" class=\"wp-image-5038\" srcset=\"https:\/\/www.albertiapsicologiaysalud.com\/wp-content\/uploads\/RECORDARTE-QUE...-2.png 820w, https:\/\/www.albertiapsicologiaysalud.com\/wp-content\/uploads\/RECORDARTE-QUE...-2-300x114.png 300w, https:\/\/www.albertiapsicologiaysalud.com\/wp-content\/uploads\/RECORDARTE-QUE...-2-768x292.png 768w\" sizes=\"(max-width: 820px) 100vw, 820px\" \/><figcaption> El duelo es una experiencia en la que podemos observar manifestaciones en todos los niveles:  <\/figcaption><\/figure>\n\n\n\n<ul><li><strong>Emocional:<\/strong> tristeza, ansiedad, rabia, culpa, etc<\/li><li><strong>Cognitivo:<\/strong> falta de concentraci\u00f3n, preocupaci\u00f3n, pensamientos recurrentes.<\/li><li><strong>Conductual:<\/strong> aislamiento, llanto, desinter\u00e9s por las actividades cotidianas. <\/li><li><strong>F\u00edsico:<\/strong> p\u00e9rdida de apetito, alteraciones del sue\u00f1o, cansancio, falta de energ\u00eda, dolores musculares&#8230;<\/li><li><strong>Social: <\/strong>dificultas para retomar las relaciones sociales, etc<\/li><li><strong>Espiritual:<\/strong> cuestionamiento existencial y de valores.<\/li><\/ul>\n\n\n\n<figure class=\"wp-container-2 wp-block-gallery-1 wp-block-gallery aligncenter has-nested-images columns-default\">\n<figure class=\"wp-block-image\"><img loading=\"lazy\" width=\"308\" height=\"185\" data-id=\"659\"  src=\"https:\/\/www.albertiapsicologiaysalud.com\/wp-content\/uploads\/2013\/11\/LAGRIMA-H.png\" alt=\"\" class=\"wp-image-659\" srcset=\"https:\/\/www.albertiapsicologiaysalud.com\/wp-content\/uploads\/2013\/11\/LAGRIMA-H.png 308w, https:\/\/www.albertiapsicologiaysalud.com\/wp-content\/uploads\/2013\/11\/LAGRIMA-H-300x180.png 300w\" sizes=\"(max-width: 308px) 100vw, 308px\" \/><\/figure>\n<\/figure>\n\n\n\n<p>En estas ocasiones la transici\u00f3n y elaboraci\u00f3n del duelo tambi\u00e9n debe hacerse entendiendo las causas y los motivos de los cambios que experimentamos y el dolor que puede hacernos sentir con el fin de volver  encontrar equilibrio en nuestra vida. <br><\/p>\n\n\n\n<p class=\"has-very-light-gray-background-color has-background\">Te ofrecemos apoyo en los momentos de transici\u00f3n y elaboraci\u00f3n del duelo para sobrellevar esta situaci\u00f3n ineludible del fallecimiento de un ser querido, implementando las habilidades necesarias para el correcto afrontamiento en situaciones vivenciadas como p\u00e9rdida, incluido el desenlace final.<\/p>\n\n\n\n<figure class=\"wp-container-4 wp-block-gallery-3 wp-block-gallery has-nested-images columns-default\">\n<figure class=\"wp-block-image\"><img loading=\"lazy\" width=\"183\" height=\"275\" data-id=\"6797\"  src=\"https:\/\/www.albertiapsicologiaysalud.com\/wp-content\/uploads\/CATEDRAL-1.jpg\" alt=\"\" class=\"wp-image-6797\"\/><\/figure>\n\n\n\n<figure class=\"wp-block-image\"><img loading=\"lazy\" width=\"314\" height=\"160\" data-id=\"6798\"  src=\"https:\/\/www.albertiapsicologiaysalud.com\/wp-content\/uploads\/CATEDRAL-ROJA-2.jpg\" alt=\"\" class=\"wp-image-6798\" srcset=\"https:\/\/www.albertiapsicologiaysalud.com\/wp-content\/uploads\/CATEDRAL-ROJA-2.jpg 314w, https:\/\/www.albertiapsicologiaysalud.com\/wp-content\/uploads\/CATEDRAL-ROJA-2-300x153.jpg 300w\" sizes=\"(max-width: 314px) 100vw, 314px\" \/><\/figure>\n<\/figure>\n\n\n\n<p>En algunas ocasiones la p\u00e9rdida no es la de un ser querido, sino la perdida de algo material o personal sin que nadie haya fallecido. Estas circnstancias pueden resultar igualmente dolorosas al  vivenciarse com una p\u00e9rdida&#8230;un trabajo, un amigo, la pareja&#8230;<\/p>\n\n\n\n<p class=\"has-very-light-gray-background-color has-background\">En esas ocasiones en las que se requiere ayuda profesional, cuando consideres que te sobrepasa o  en el duelo cr\u00f3nico&#8230;arrastrado durante muchos a\u00f1os, con absorci\u00f3n por constantes recuerdos, o enun duelo patol\u00f3gico cuando la reacci\u00f3n a losm ecanismos de defensa son de mucha intensidad la persona ha de recurrir a la ayuda profesional y terapeutica. <\/p>\n\n\n\n<p>Trabajo desde las emociones y el dolor de la p\u00e9rdida. <\/p>\n\n\n\n<ul><li>Profesionales con formacion especifica.<\/li><li>Identificaci\u00f3n de casos sensibles como personas mayores, ni\u00f1os, adolescentes etc.<\/li><li>Actuaci\u00f3n de las personas cuidadoras en los \u00faltimos d\u00edas.<\/li><li>Apoyo y seguimiento a la familia para el afrontamiento del duelo eficazmente.<\/li><\/ul>\n\n\n\n<p class=\"has-text-color\" style=\"color:#133e77;font-size:19px\"><strong>Acompa\u00f1ar en el duelo <\/strong><\/p>\n\n\n\n<p class=\"has-very-light-gray-background-color has-background\">En estos momentos, puedes tener alg\u00fan familiar, amigo o ser querido que se encuentre en una situaci\u00f3n de duelo por la p\u00e9rdida de una persona debida al coronavirus o a cualquier otra causa. <\/p>\n\n\n\n<p>Es posible que no sepas que decir o hacer, cuando te expresan los sentimientos que est\u00e1n viviendo en la situaci\u00f3n actual. <\/p>\n\n\n\n<p class=\"has-very-light-gray-background-color has-background\">Adem\u00e1s de demostrarles lo mucho que te importa su sufrimiento puedes hacer alguna cosa m\u00e1s para que sienta que est\u00e1s a su lado. <\/p>\n\n\n\n<p>Te orientaremos si en esta u otra situaci\u00f3n vas a compa\u00f1ar a la persona a sobrellevar esta situaci\u00f3n de duelo.<\/p>\n\n\n\n<p class=\"has-very-light-gray-background-color has-background\">Atenderemos tu situaci\u00f3n de forma personalizada<\/p>\n\n\n\n<p class=\"has-text-align-center\">625 988 100<\/p>\n\n\n\n<p class=\"has-text-align-center has-small-font-size\"><a href=\"mailto:psicologia.eescobar@gmail.com\">psicologia.eescobar@gmail.com<\/a><br><\/p>\n\n\n\n<p><\/p>\n","protected":false},"excerpt":{"rendered":"<p>El duelo es definido como una reacci\u00f3n normal y esperable ante una p\u00e9rdida afectiva. Se trata de un proceso adaptativo y emocional que no se produce \u00fanicamente ante la p\u00e9rdida de personas cercanas, sino tambi\u00e9n como resultado de determinados cambios bruscos en la vida de la persona, ya sea en su edad adulta, infancia o adolescencia.<\/p>\n","protected":false},"author":2,"featured_media":5030,"comment_status":"closed","ping_status":"closed","sticky":false,"template":"","format":"standard","meta":[],"categories":[246,262,180,142,158],"tags":[61,141,165],"_links":{"self":[{"href":"https:\/\/www.albertiapsicologiaysalud.com\/index.php?rest_route=\/wp\/v2\/posts\/1971"}],"collection":[{"href":"https:\/\/www.albertiapsicologiaysalud.com\/index.php?rest_route=\/wp\/v2\/posts"}],"about":[{"href":"https:\/\/www.albertiapsicologiaysalud.com\/index.php?rest_route=\/wp\/v2\/types\/post"}],"author":[{"embeddable":true,"href":"https:\/\/www.albertiapsicologiaysalud.com\/index.php?rest_route=\/wp\/v2\/users\/2"}],"replies":[{"embeddable":true,"href":"https:\/\/www.albertiapsicologiaysalud.com\/index.php?rest_route=%2Fwp%2Fv2%2Fcomments&post=1971"}],"version-history":[{"count":35,"href":"https:\/\/www.albertiapsicologiaysalud.com\/index.php?rest_route=\/wp\/v2\/posts\/1971\/revisions"}],"predecessor-version":[{"id":9360,"href":"https:\/\/www.albertiapsicologiaysalud.com\/index.php?rest_route=\/wp\/v2\/posts\/1971\/revisions\/9360"}],"wp:featuredmedia":[{"embeddable":true,"href":"https:\/\/www.albertiapsicologiaysalud.com\/index.php?rest_route=\/wp\/v2\/media\/5030"}],"wp:attachment":[{"href":"https:\/\/www.albertiapsicologiaysalud.com\/index.php?rest_route=%2Fwp%2Fv2%2Fmedia&parent=1971"}],"wp:term":[{"taxonomy":"category","embeddable":true,"href":"https:\/\/www.albertiapsicologiaysalud.com\/index.php?rest_route=%2Fwp%2Fv2%2Fcategories&post=1971"},{"taxonomy":"post_tag","embeddable":true,"href":"https:\/\/www.albertiapsicologiaysalud.com\/index.php?rest_route=%2Fwp%2Fv2%2Ftags&post=1971"}],"curies":[{"name":"wp","href":"https:\/\/api.w.org\/{rel}","templated":true}]}}