{"id":2118,"date":"2017-05-30T08:11:44","date_gmt":"2017-05-30T08:11:44","guid":{"rendered":"http:\/\/www.albertiapsicologiaysalud.com\/?p=2118"},"modified":"2024-08-19T15:49:39","modified_gmt":"2024-08-19T15:49:39","slug":"coffee-psychology-17","status":"publish","type":"post","link":"https:\/\/www.albertiapsicologiaysalud.com\/?p=2118","title":{"rendered":"Proyecto Existere. Coffee &#038; Psycology"},"content":{"rendered":"\n<p class=\"has-text-align-center has-text-color\" style=\"color:#133e77\"><strong>El papel del profesional de psicolog\u00eda en la intervenci\u00f3n.<\/strong><\/p>\n\n\n\n<figure class=\"wp-block-image\"><img loading=\"lazy\" width=\"1024\" height=\"215\" src=\"https:\/\/www.albertiapsicologiaysalud.com\/wp-content\/uploads\/acompa\u00f1amos-2-2-1024x215.png\" alt=\"\" class=\"wp-image-8076\" srcset=\"https:\/\/www.albertiapsicologiaysalud.com\/wp-content\/uploads\/acompa\u00f1amos-2-2-1024x215.png 1024w, https:\/\/www.albertiapsicologiaysalud.com\/wp-content\/uploads\/acompa\u00f1amos-2-2-300x63.png 300w, https:\/\/www.albertiapsicologiaysalud.com\/wp-content\/uploads\/acompa\u00f1amos-2-2-768x161.png 768w\" sizes=\"(max-width: 1024px) 100vw, 1024px\" \/><figcaption> <strong>625 988 100<\/strong><br> <a href=\"mailto:psicologia.eescobar@gmail.com?Subject=coffe psicologia\">psicologia.eescobar@gmail.com<\/a>    <\/figcaption><\/figure>\n\n\n\n<p class=\"has-text-align-center has-text-color\" style=\"color:#133e77\"><strong>Te proponemos una relaci\u00f3n inicial cordial, amena, cercana, para tomar contacto con tus problemas.<\/strong><\/p>\n\n\n\n<p class=\"has-very-light-gray-background-color has-background\">Es entre otras cosas&#8230;una&nbsp; entrevista, un primer encuentro con el profesional de Psicolog\u00eda en el que conocer\u00e1s c\u00f3mo va a ser vuestra relaci\u00f3n. <\/p>\n\n\n\n<p>Podr\u00e1s comentar&#8230;o valorar c\u00f3mo te encuentras, hablando de esas cuestiones que est\u00e1n cambiando tu vida, o esas que tenemos aplazadas y que sentimos que perjudican nuestras relaciones y que a pesar de condicionarnos no nos atrevemos a abordarlas o no sabemos c\u00f3mo cambiar.  <\/p>\n\n\n\n<p class=\"has-very-light-gray-background-color has-background\">Son  cuestiones que no se pueden hacer precipitadamente en un pasillo o en  un despacho o sin saber qu\u00e9 queremos decir pero habitualmente nos pasa  esto.  \u201c Si te digo la verdad no tengo ni idea de c\u00f3mo afrontar lo que quisiera decir\u201d. <\/p>\n\n\n\n<p class=\"has-text-color\" style=\"color:#133e77\"><strong>Esos \u00abproblemillas\u00bb que nos quitan la tranquilidad: <\/strong><\/p>\n\n\n\n<p>Podr\u00e1s hablar de: Las cosillas que complican \u201cLA VIDA\u201d<br> Quiz\u00e1 lo veas as\u00ed, pero lo ocupan todo. Tu estado de \u00e1nimo, tus  relaciones, decisiones; los estudios, el amor\u2026\u00a1ah el amor\u00a1&#8230;\u00a1uf! la  familia, los amigos, el trabajo&#8230; o el no trabajo&#8230;.<br> \u00a1Lo dicho&#8230; toda tu vida!<br> \u00a1Ah! por cierto\u2026\u00bfc\u00f3mo te llevas contigo mismo? y de motivaci\u00f3n en los estudios, trabajo, familia, pareja, p\u00e9rdidas..  <\/p>\n\n\n\n<p class=\"has-very-light-gray-background-color has-background\">De temas familiares: Educaci\u00f3n de los hijos, c\u00f3mo les va en el cole, la universidad. ambiente en casa, la familia de \u00e9l, la familia de ella. enfoque educativo&#8230;Adolescentes&#8230;<\/p>\n\n\n\n<ul><li><strong>Fiestas familiares, cumplea\u00f1os, bautizos, comuniones.<\/strong><\/li><li>Presiones sociales.<\/li><li><strong>Comportamientos obligados, encorsetados o hirientes.<\/strong><\/li><li> Sobre lo que os separa. <\/li><li><strong>Algo que no has agradecido<\/strong>. <\/li><li>Algo que ronda por tu cabeza para lo bueno y para lo malo.  <\/li><\/ul>\n\n\n\n<p class=\"has-very-light-gray-background-color has-background\"> Hablar todo lo que te preocupe porque el profesional de Psicolog\u00eda que te acompa\u00f1e sabe y entiende que tu situaci\u00f3n personal es la que est\u00e1 degenerando las preocupaciones que te traen a la consulta. <\/p>\n\n\n\n<p>\ny mucho m\u00e1s&#8230;\n\n<\/p>\n\n\n\n<p>Relaci\u00f3n con los amigos..\u00f3&#8230;c\u00f3mo encontrarlos a cualquier edad. Mejorar de&nbsp; estilo de comunicaci\u00f3n para conseguir los objetivos que te propongas.&nbsp;&nbsp;Aprende a relacionarte, aprovecha lo mejor que hay en ti.<\/p>\n\n\n\n<p class=\"has-text-color\" style=\"color:#133e77\"><strong>Y adem\u00e1s &#8230;recomendaci\u00f3n de una intervenci\u00f3n Psicol\u00f3gica en el caso de necesitarla con el miso profesional que has consultado. <\/strong><\/p>\n\n\n\n<p>Atenci\u00f3n personalizada.  Espacio privado- enfoque profesional.<\/p>\n\n\n\n<p class=\"has-text-align-center has-text-color\" style=\"color:#133e77\"><strong>&nbsp;                          Te proponemos hablar de todo lo que te interese: Coffee &amp; Psychology<\/strong><\/p>\n\n\n<div class=\"wp-block-image\">\n<figure class=\"aligncenter\"><img loading=\"lazy\" width=\"300\" height=\"300\" src=\"https:\/\/www.albertiapsicologiaysalud.com\/wp-content\/uploads\/3-3-2-300x300.png\" alt=\"\" class=\"wp-image-8073\" srcset=\"https:\/\/www.albertiapsicologiaysalud.com\/wp-content\/uploads\/3-3-2-300x300.png 300w, https:\/\/www.albertiapsicologiaysalud.com\/wp-content\/uploads\/3-3-2-150x150.png 150w, https:\/\/www.albertiapsicologiaysalud.com\/wp-content\/uploads\/3-3-2-270x270.png 270w, https:\/\/www.albertiapsicologiaysalud.com\/wp-content\/uploads\/3-3-2-230x230.png 230w, https:\/\/www.albertiapsicologiaysalud.com\/wp-content\/uploads\/3-3-2.png 500w\" sizes=\"(max-width: 300px) 100vw, 300px\" \/><figcaption><br> <strong>625 988 100<\/strong><br> <a href=\"mailto:psicologia.eescobar@gmail.com?Subject=coffe psicologia\">psicologia.eescobar@gmail.com<\/a>    <\/figcaption><\/figure><\/div>","protected":false},"excerpt":{"rendered":"<p>Todos tenemos conversaciones aplazadas que perjudican nuestras relaciones y que a pesar de condicionarnos, no nos atrevemos a abordarlas o no sabemos c\u00f3mo hacerlo. Te proponemos hablar de ello en un espacio seguro donde  sentir\u00e1s que se comprende tu situaci\u00f3n, en el que podr\u00e1s hablar con toda naturalidad de lo que te preocupa. <\/p>\n","protected":false},"author":2,"featured_media":6538,"comment_status":"closed","ping_status":"closed","sticky":false,"template":"","format":"standard","meta":[],"categories":[246,244,262,242,223,237,224,227,180,18,142,158,225,230,233,203],"tags":[219,218,94,165],"_links":{"self":[{"href":"https:\/\/www.albertiapsicologiaysalud.com\/index.php?rest_route=\/wp\/v2\/posts\/2118"}],"collection":[{"href":"https:\/\/www.albertiapsicologiaysalud.com\/index.php?rest_route=\/wp\/v2\/posts"}],"about":[{"href":"https:\/\/www.albertiapsicologiaysalud.com\/index.php?rest_route=\/wp\/v2\/types\/post"}],"author":[{"embeddable":true,"href":"https:\/\/www.albertiapsicologiaysalud.com\/index.php?rest_route=\/wp\/v2\/users\/2"}],"replies":[{"embeddable":true,"href":"https:\/\/www.albertiapsicologiaysalud.com\/index.php?rest_route=%2Fwp%2Fv2%2Fcomments&post=2118"}],"version-history":[{"count":45,"href":"https:\/\/www.albertiapsicologiaysalud.com\/index.php?rest_route=\/wp\/v2\/posts\/2118\/revisions"}],"predecessor-version":[{"id":9411,"href":"https:\/\/www.albertiapsicologiaysalud.com\/index.php?rest_route=\/wp\/v2\/posts\/2118\/revisions\/9411"}],"wp:featuredmedia":[{"embeddable":true,"href":"https:\/\/www.albertiapsicologiaysalud.com\/index.php?rest_route=\/wp\/v2\/media\/6538"}],"wp:attachment":[{"href":"https:\/\/www.albertiapsicologiaysalud.com\/index.php?rest_route=%2Fwp%2Fv2%2Fmedia&parent=2118"}],"wp:term":[{"taxonomy":"category","embeddable":true,"href":"https:\/\/www.albertiapsicologiaysalud.com\/index.php?rest_route=%2Fwp%2Fv2%2Fcategories&post=2118"},{"taxonomy":"post_tag","embeddable":true,"href":"https:\/\/www.albertiapsicologiaysalud.com\/index.php?rest_route=%2Fwp%2Fv2%2Ftags&post=2118"}],"curies":[{"name":"wp","href":"https:\/\/api.w.org\/{rel}","templated":true}]}}