{"id":2560,"date":"2018-06-02T22:10:16","date_gmt":"2018-06-02T22:10:16","guid":{"rendered":"http:\/\/www.albertiapsicologiaysalud.com\/?p=2560"},"modified":"2024-08-15T11:12:59","modified_gmt":"2024-08-15T11:12:59","slug":"existere-tu-y-tu-depresion","status":"publish","type":"post","link":"https:\/\/www.albertiapsicologiaysalud.com\/?p=2560","title":{"rendered":"Proyecto Existere. T\u00fa y tu Depresi\u00f3n"},"content":{"rendered":"\n<figure class=\"wp-block-image is-style-rounded\"><img loading=\"lazy\" width=\"820\" height=\"312\" src=\"https:\/\/www.albertiapsicologiaysalud.com\/wp-content\/uploads\/existere-2.png\" alt=\"Cuando los motivos no importan pero est\u00e1s perdiendo la ilusi\u00f3n por la vida, pedir ayuda es el primer paso para poder afrontarlo. Consulta con nuestros especialistas.\" class=\"wp-image-5480\" srcset=\"https:\/\/www.albertiapsicologiaysalud.com\/wp-content\/uploads\/existere-2.png 820w, https:\/\/www.albertiapsicologiaysalud.com\/wp-content\/uploads\/existere-2-300x114.png 300w, https:\/\/www.albertiapsicologiaysalud.com\/wp-content\/uploads\/existere-2-768x292.png 768w\" sizes=\"(max-width: 820px) 100vw, 820px\" \/><figcaption> <br>625 988 100<br><a href=\"mailto:psicologia.eescobar@gmail.com?Subject=depresion\">psicologia.eescobar@gmail.com<\/a><\/figcaption><\/figure>\n\n\n\n<h3 class=\"has-text-color\" style=\"color:#133e77\">Que es la depresi\u00f3n..?<\/h3>\n\n\n\n<p style=\"font-size:15px\">La depresi\u00f3n es una alteraci\u00f3n del humor en la que destaca un \u00e1nimo deprimido, falta de energ\u00eda y\/o p\u00e9rdida de inter\u00e9s  y\/o de la capacidad para disfrutar u obtener placer, que afecta la vida de la persona, durante la mayor parte del d\u00eda y durante al menos dos semanas.<\/p>\n\n\n\n<p class=\"has-very-light-gray-background-color has-background\" style=\"font-size:15px\">La depresi\u00f3n en ocasiones puede estar causada por los acontecimientos vitales que requieran alg\u00fan tipo de cambio respecto al ajuste habitual del individuo, causando un ajuste sustancial de la conducta. <\/p>\n\n\n\n<figure class=\"wp-block-image is-style-rounded\"><img loading=\"lazy\" width=\"820\" height=\"312\" src=\"https:\/\/www.albertiapsicologiaysalud.com\/wp-content\/uploads\/dos-maletas-llenas.png\" alt=\"\" class=\"wp-image-4080\" srcset=\"https:\/\/www.albertiapsicologiaysalud.com\/wp-content\/uploads\/dos-maletas-llenas.png 820w, https:\/\/www.albertiapsicologiaysalud.com\/wp-content\/uploads\/dos-maletas-llenas-300x114.png 300w, https:\/\/www.albertiapsicologiaysalud.com\/wp-content\/uploads\/dos-maletas-llenas-768x292.png 768w\" sizes=\"(max-width: 820px) 100vw, 820px\" \/><\/figure>\n\n\n\n<p style=\"font-size:15px\">Las emociones de tipo negativo que acompa\u00f1an al estr\u00e9s- ansiedad-depresi\u00f3n etc, var\u00edan de acuerdo a las circunstancias del individuo, la situaci\u00f3n, agudeza y cronicidad.<\/p>\n\n\n\n<p class=\"has-very-light-gray-background-color has-background\" style=\"font-size:15px\">Pedir ayuda es el primer paso para solucionar lo que te est\u00e1 causando malestar. <\/p>\n\n\n\n<p class=\"has-text-color has-medium-font-size\" style=\"color:#07396d\"><strong>Plan de intervenci\u00f3n personalizado<\/strong><\/p>\n\n\n\n<figure class=\"wp-block-image is-style-default\"><img loading=\"lazy\" width=\"820\" height=\"312\" src=\"https:\/\/www.albertiapsicologiaysalud.com\/wp-content\/uploads\/saludables-joven.png\" alt=\"\" class=\"wp-image-6627\" srcset=\"https:\/\/www.albertiapsicologiaysalud.com\/wp-content\/uploads\/saludables-joven.png 820w, https:\/\/www.albertiapsicologiaysalud.com\/wp-content\/uploads\/saludables-joven-300x114.png 300w, https:\/\/www.albertiapsicologiaysalud.com\/wp-content\/uploads\/saludables-joven-768x292.png 768w\" sizes=\"(max-width: 820px) 100vw, 820px\" \/><figcaption> <strong>No olvides pedir cita al tel\u00e9fono <\/strong><br> 625 988 100<br> por whastapp o email<br><a href=\"mailto:psicologia.eescobar@gmail.com?Subject=depresion\">psicologia.eescobar@gmail.com<\/a><\/figcaption><\/figure>\n","protected":false},"excerpt":{"rendered":"<p>La depresi\u00f3n impide a la persona llevar su vida con normalidad, debido a la sensaci\u00f3n persistente de negatividad ante todo y de apat\u00eda; por eso es imprescindible aceptar que necesita ayuda y ponerse en tratamiento con un especialista para recuperarse. No dejes de venir a vernos, pedir ayuda es el primer paso para solucionar lo que te est\u00e1 causando malestar.<br \/>\n625 988 100 psicologia.eescobar@gmail.com<\/p>\n","protected":false},"author":2,"featured_media":6872,"comment_status":"closed","ping_status":"closed","sticky":false,"template":"","format":"standard","meta":[],"categories":[242,180,142],"tags":[52,56,94,165,106],"_links":{"self":[{"href":"https:\/\/www.albertiapsicologiaysalud.com\/index.php?rest_route=\/wp\/v2\/posts\/2560"}],"collection":[{"href":"https:\/\/www.albertiapsicologiaysalud.com\/index.php?rest_route=\/wp\/v2\/posts"}],"about":[{"href":"https:\/\/www.albertiapsicologiaysalud.com\/index.php?rest_route=\/wp\/v2\/types\/post"}],"author":[{"embeddable":true,"href":"https:\/\/www.albertiapsicologiaysalud.com\/index.php?rest_route=\/wp\/v2\/users\/2"}],"replies":[{"embeddable":true,"href":"https:\/\/www.albertiapsicologiaysalud.com\/index.php?rest_route=%2Fwp%2Fv2%2Fcomments&post=2560"}],"version-history":[{"count":40,"href":"https:\/\/www.albertiapsicologiaysalud.com\/index.php?rest_route=\/wp\/v2\/posts\/2560\/revisions"}],"predecessor-version":[{"id":9299,"href":"https:\/\/www.albertiapsicologiaysalud.com\/index.php?rest_route=\/wp\/v2\/posts\/2560\/revisions\/9299"}],"wp:featuredmedia":[{"embeddable":true,"href":"https:\/\/www.albertiapsicologiaysalud.com\/index.php?rest_route=\/wp\/v2\/media\/6872"}],"wp:attachment":[{"href":"https:\/\/www.albertiapsicologiaysalud.com\/index.php?rest_route=%2Fwp%2Fv2%2Fmedia&parent=2560"}],"wp:term":[{"taxonomy":"category","embeddable":true,"href":"https:\/\/www.albertiapsicologiaysalud.com\/index.php?rest_route=%2Fwp%2Fv2%2Fcategories&post=2560"},{"taxonomy":"post_tag","embeddable":true,"href":"https:\/\/www.albertiapsicologiaysalud.com\/index.php?rest_route=%2Fwp%2Fv2%2Ftags&post=2560"}],"curies":[{"name":"wp","href":"https:\/\/api.w.org\/{rel}","templated":true}]}}