{"id":8483,"date":"2022-06-16T11:26:46","date_gmt":"2022-06-16T11:26:46","guid":{"rendered":"https:\/\/www.albertiapsicologiaysalud.com\/?p=8483"},"modified":"2024-08-15T14:25:10","modified_gmt":"2024-08-15T14:25:10","slug":"valoracion-inicial","status":"publish","type":"post","link":"https:\/\/www.albertiapsicologiaysalud.com\/?p=8483","title":{"rendered":"\u00bfC\u00f3mo podemos ayudarte? Valoraci\u00f3n inicial"},"content":{"rendered":"\n<figure class=\"wp-block-image size-full\"><img loading=\"lazy\" width=\"820\" height=\"312\" src=\"https:\/\/www.albertiapsicologiaysalud.com\/wp-content\/uploads\/EXITO.png\" alt=\"\" class=\"wp-image-8240\" srcset=\"https:\/\/www.albertiapsicologiaysalud.com\/wp-content\/uploads\/EXITO.png 820w, https:\/\/www.albertiapsicologiaysalud.com\/wp-content\/uploads\/EXITO-300x114.png 300w, https:\/\/www.albertiapsicologiaysalud.com\/wp-content\/uploads\/EXITO-768x292.png 768w\" sizes=\"(max-width: 820px) 100vw, 820px\" \/><\/figure>\n\n\n\n<p class=\"has-text-color\" style=\"color:#133e77;font-size:17px\"><strong>Qu\u00e9 vamos a valorar. <\/strong><\/p>\n\n\n<div class=\"wp-block-image\">\n<figure class=\"alignleft size-full is-resized\"><img loading=\"lazy\" src=\"https:\/\/www.albertiapsicologiaysalud.com\/wp-content\/uploads\/image.png\" alt=\"\" class=\"wp-image-8357\" width=\"72\" height=\"67\"\/><\/figure><\/div>\n\n\n<p class=\"has-text-color\" style=\"color:#133e77;font-size:15px\"><strong>La escucha en estos casos es una de las prioridades de nuestra actuaci\u00f3n. <\/strong><\/p>\n\n\n\n<p style=\"font-size:15px\"><strong>Escuchamos <\/strong>para <em>reconoce<\/em>r, <em>entender<\/em>, <em>personalizar, acompa\u00f1a<\/em>r, a la vez que<em> identificar<\/em> a trav\u00e9s de la entrevista inicial, tanto las necesidades sentidas, como aquellas que el profesional entienda que se puedan ampliar o mejorar las expectativas iniciales a la vista de la narraci\u00f3n que el cliente trasmite.<\/p>\n\n\n\n<p class=\"has-background\" style=\"background-color:#f0f1f2;font-size:15px\"><strong>Valoramos la facticidad<\/strong>, a la vista de los indicadores, porque entendemos que la intervenci\u00f3n que te proponemos tiene que cumplir con una premisa de realidad que permita cumplir los objetivos que han acercado a la persona a hacer uso de nuestros servicios a la vez que tener la capacidad cognitiva, f\u00edsica y emocional para llevarlos a cabo. <\/p>\n\n\n\n<p style=\"font-size:15px\"><strong>Nuestra atenci\u00f3n\u00a0<\/strong>se estructura en una serie de recursos con perfil sanitario orientados para dar respuesta a las necesidades de Salud y Bienestar personal y familiar con la misi\u00f3n de mejorar la calidad de vida de las personas, valorando aspectos esenciales a tener en cuenta para envejecer bien, proponiendo recursos para reforzar los potenciales de cada persona y ofreciendo las herramientas necesarias para conseguirlo.<\/p>\n\n\n\n<p class=\"has-text-align-center has-text-color\" style=\"color:#133e77\"><strong>\u00bfEso quiere decir que no puedes o no conseguir o poder cumplirlos..?<\/strong><\/p>\n\n\n\n<p class=\"has-background\" style=\"background-color:#f0f1f2;font-size:15px\"><strong>\u00a1De ninguna manera&#8230;!<\/strong> precisamente por ello y para acercarle al nivel de exigencia de envejecer con \u00e9xito se le plantean a continuaci\u00f3n el desarrollo de una serie recursos y  habilidades que le permitir\u00e1n hacer frente a la realidad de esta nueva etapa con la motivaci\u00f3n, fortaleza, ilusi\u00f3n y capacitaci\u00f3n real de la que se dispone. <\/p>\n\n\n\n<p class=\"has-background\" style=\"background-color:#f6f7f8;font-size:15px\">Para poder ayudarte, nos haremos preguntas sobre como  hasta donde te conoces, si est\u00e1s preparado para la nueva etapa o hay que trabajar alg\u00fan aspecto de realidad y as\u00ed poder plantearte acciones y recursos en funci\u00f3n de los activos que vayamos descubriendo o desarrollando. <\/p>\n\n\n\n<p class=\"has-text-align-center\" style=\"font-size:15px\"><span style=\"color: #003366;\"><strong>\u00a1 Piensa en nosotros cuando hagas tus planes de futuro!<\/strong><\/span><\/p>\n\n\n\n<p class=\"has-text-align-center\" style=\"font-size:15px\">625 988 100<\/p>\n\n\n\n<p class=\"has-text-align-center\" style=\"font-size:15px\"> <a href=\"mailto:psicologia.eescobar@gmail.com?Subject=como ayudarte\">psicologia.eescobar@gmail.com<\/a><\/p>\n","protected":false},"excerpt":{"rendered":"<p>Valoramos a la vista de los indicadores, porque entendemos que la intervenci\u00f3n que te proponemos tiene que cumplir con una premisa de realidad que permita cumplir los objetivos que han acercado a la persona a hacer uso de nuestros servicios a la vez que tener la capacidad cognitiva, f\u00edsica y emocional para llevarlos a cabo. <\/p>\n","protected":false},"author":2,"featured_media":8240,"comment_status":"closed","ping_status":"closed","sticky":false,"template":"","format":"standard","meta":[],"categories":[142],"tags":[135,279,106,139,271],"_links":{"self":[{"href":"https:\/\/www.albertiapsicologiaysalud.com\/index.php?rest_route=\/wp\/v2\/posts\/8483"}],"collection":[{"href":"https:\/\/www.albertiapsicologiaysalud.com\/index.php?rest_route=\/wp\/v2\/posts"}],"about":[{"href":"https:\/\/www.albertiapsicologiaysalud.com\/index.php?rest_route=\/wp\/v2\/types\/post"}],"author":[{"embeddable":true,"href":"https:\/\/www.albertiapsicologiaysalud.com\/index.php?rest_route=\/wp\/v2\/users\/2"}],"replies":[{"embeddable":true,"href":"https:\/\/www.albertiapsicologiaysalud.com\/index.php?rest_route=%2Fwp%2Fv2%2Fcomments&post=8483"}],"version-history":[{"count":24,"href":"https:\/\/www.albertiapsicologiaysalud.com\/index.php?rest_route=\/wp\/v2\/posts\/8483\/revisions"}],"predecessor-version":[{"id":9342,"href":"https:\/\/www.albertiapsicologiaysalud.com\/index.php?rest_route=\/wp\/v2\/posts\/8483\/revisions\/9342"}],"wp:featuredmedia":[{"embeddable":true,"href":"https:\/\/www.albertiapsicologiaysalud.com\/index.php?rest_route=\/wp\/v2\/media\/8240"}],"wp:attachment":[{"href":"https:\/\/www.albertiapsicologiaysalud.com\/index.php?rest_route=%2Fwp%2Fv2%2Fmedia&parent=8483"}],"wp:term":[{"taxonomy":"category","embeddable":true,"href":"https:\/\/www.albertiapsicologiaysalud.com\/index.php?rest_route=%2Fwp%2Fv2%2Fcategories&post=8483"},{"taxonomy":"post_tag","embeddable":true,"href":"https:\/\/www.albertiapsicologiaysalud.com\/index.php?rest_route=%2Fwp%2Fv2%2Ftags&post=8483"}],"curies":[{"name":"wp","href":"https:\/\/api.w.org\/{rel}","templated":true}]}}