{"id":8880,"date":"2022-07-06T07:13:54","date_gmt":"2022-07-06T07:13:54","guid":{"rendered":"https:\/\/www.albertiapsicologiaysalud.com\/?p=8880"},"modified":"2024-08-20T14:36:06","modified_gmt":"2024-08-20T14:36:06","slug":"que-es-el-bienestar","status":"publish","type":"post","link":"https:\/\/www.albertiapsicologiaysalud.com\/?p=8880","title":{"rendered":"\u00bfQue es el bienestar?"},"content":{"rendered":"<div class=\"wp-block-image\">\n<figure class=\"aligncenter size-full is-resized\"><img loading=\"lazy\" src=\"https:\/\/www.albertiapsicologiaysalud.com\/wp-content\/uploads\/proyectos-saludables-2-2.png\" alt=\"Siguiendo las recomendaciones de la Organizaci\u00f3n Mundial de la Salud, nuestro trabajo consiste en estar a tu lado para resolver tus necesidades en funci\u00f3n de las situaciones que se pueden dar en tu vida relacionadas con el bienestar emocional, psicol\u00f3gico y social. \" class=\"wp-image-6641\" width=\"732\" height=\"412\" srcset=\"https:\/\/www.albertiapsicologiaysalud.com\/wp-content\/uploads\/proyectos-saludables-2-2.png 560w, https:\/\/www.albertiapsicologiaysalud.com\/wp-content\/uploads\/proyectos-saludables-2-2-300x169.png 300w\" sizes=\"(max-width: 732px) 100vw, 732px\" \/><figcaption><strong>625 988 100<\/strong>                                                                                                                                                <a href=\"mailto:psicologia.eescobar@gmail.com?Subject=bienestar\">psicologia.eescobar@gmail.com<\/a><\/figcaption><\/figure><\/div>\n\n\n<p class=\"has-text-color\" style=\"color:#07155b;font-size:15px\">La Organizaci\u00f3n Mundial de la Salud  (OMS) enfatiza en definir la salud mental desde una perspectiva positiva como \u00abun estado de bienestar en el cual el individuo es consciente de sus capacidades, puede afrontar las tensiones normales de la vida puede trabajar de forma productiva y fruct\u00edfera y es capaz de hacer una contribuci\u00f3n a su comunidad\u00bb (OMS, 2005, p.2).<\/p>\n\n\n\n<p class=\"has-text-color\" style=\"color:#07155b;font-size:15px\">Esta definici\u00f3n de la OMS abarca tres componentes: bienestar emocional, psicol\u00f3gico y social. <\/p>\n\n\n\n<p class=\"has-very-light-gray-background-color has-text-color has-background\" style=\"color:#07155b;font-size:15px\">Siguiendo estas recomendaciones, nuestro trabajo consiste en estar a tu lado para atender tus necesidades y resolver las situaciones que se pueden dar en tu vida relacionadas con el bienestar emocional, psicol\u00f3gico y social.<\/p>\n\n\n\n<p class=\"has-text-color\" style=\"color:#07155b;font-size:15px\">Los objetivos para nuestros proyectos de Salud y Bienestar en la modalidad de prevenci\u00f3n e intervenci\u00f3n emocional, psicol\u00f3gico y social son: <\/p>\n\n\n\n<ul style=\"font-size:15px\"><li><strong>Mejora de s\u00edntomas, salud y calidad de vida. <\/strong><\/li><li>Promover la Psicoeducaci\u00f3n y el Autocuidado.<\/li><li><strong>Gesti\u00f3n Emocional. Percibir, comprender y canalizar las emociones adecuadamente.<\/strong><\/li><li><a href=\"https:\/\/www.albertiapsicologiaysalud.com\/?p=2364\"><strong>Gesti\u00f3n saludable del Estr\u00e9s<\/strong><\/a><\/li><li><strong>Acompa\u00f1ar de la Resoluci\u00f3n de Problemas y toma de decisiones.<\/strong><\/li><li><strong><a href=\"https:\/\/www.albertiapsicologiaysalud.com\/?p=7868\">Canalizar las experiencias personales que dejan huella. <\/a><\/strong><\/li><li>Fomento de programas de apoyo social.<\/li><\/ul>\n","protected":false},"excerpt":{"rendered":"<p>Acompa\u00f1amiento en los tres componentes del bienestar: bienestar emocional, psicol\u00f3gico y social. <\/p>\n","protected":false},"author":2,"featured_media":6741,"comment_status":"closed","ping_status":"closed","sticky":false,"template":"","format":"standard","meta":[],"categories":[142],"tags":[],"_links":{"self":[{"href":"https:\/\/www.albertiapsicologiaysalud.com\/index.php?rest_route=\/wp\/v2\/posts\/8880"}],"collection":[{"href":"https:\/\/www.albertiapsicologiaysalud.com\/index.php?rest_route=\/wp\/v2\/posts"}],"about":[{"href":"https:\/\/www.albertiapsicologiaysalud.com\/index.php?rest_route=\/wp\/v2\/types\/post"}],"author":[{"embeddable":true,"href":"https:\/\/www.albertiapsicologiaysalud.com\/index.php?rest_route=\/wp\/v2\/users\/2"}],"replies":[{"embeddable":true,"href":"https:\/\/www.albertiapsicologiaysalud.com\/index.php?rest_route=%2Fwp%2Fv2%2Fcomments&post=8880"}],"version-history":[{"count":4,"href":"https:\/\/www.albertiapsicologiaysalud.com\/index.php?rest_route=\/wp\/v2\/posts\/8880\/revisions"}],"predecessor-version":[{"id":9414,"href":"https:\/\/www.albertiapsicologiaysalud.com\/index.php?rest_route=\/wp\/v2\/posts\/8880\/revisions\/9414"}],"wp:featuredmedia":[{"embeddable":true,"href":"https:\/\/www.albertiapsicologiaysalud.com\/index.php?rest_route=\/wp\/v2\/media\/6741"}],"wp:attachment":[{"href":"https:\/\/www.albertiapsicologiaysalud.com\/index.php?rest_route=%2Fwp%2Fv2%2Fmedia&parent=8880"}],"wp:term":[{"taxonomy":"category","embeddable":true,"href":"https:\/\/www.albertiapsicologiaysalud.com\/index.php?rest_route=%2Fwp%2Fv2%2Fcategories&post=8880"},{"taxonomy":"post_tag","embeddable":true,"href":"https:\/\/www.albertiapsicologiaysalud.com\/index.php?rest_route=%2Fwp%2Fv2%2Ftags&post=8880"}],"curies":[{"name":"wp","href":"https:\/\/api.w.org\/{rel}","templated":true}]}}